{"id":3300,"date":"2024-02-27T19:57:24","date_gmt":"2024-02-27T19:57:24","guid":{"rendered":"https:\/\/thetirelab.com\/mag\/t\/exemplary-ultrac-vorti-shines-in-autobild-summer-tyre-test-3\/"},"modified":"2024-02-27T19:57:25","modified_gmt":"2024-02-27T19:57:25","slug":"ultrac-vorti-quot-exemplar-quot-str-luce-te-in-testul-autobild-pentru-anvelopele-de-var","status":"publish","type":"releasearticles","link":"https:\/\/testpneumatik.eu\/mag\/t\/ultrac-vorti-quot-exemplar-quot-str-luce-te-in-testul-autobild-pentru-anvelopele-de-var\/","title":{"rendered":"ULTRAC VORTI+ &#8220;EXEMPLAR&#8221; STR\u0102LUCE\u0218TE \u00ceN TESTUL AUTOBILD PENTRU ANVELOPELE DE VAR\u0102"},"content":{"rendered":"\n<p>Vredestein Ultrac Vorti+ a ocupat primul loc \u00eentr-un test de grup de anvelope de var\u0103 realizat de <em>AutoBild<\/em>, una dintre cele mai importante reviste auto din Germania. Evaluat\u0103 al\u0103turi de 10 produse concurente, anvelopa premium de \u00eenalt\u0103 performan\u021b\u0103 Vredestein a ob\u021binut primul loc \u0219i a fost numit\u0103 &#8220;exemplar\u0103&#8221; de c\u0103tre echipa de testare independent\u0103.<\/p>\n\n\n\n<p>Ultrac Vorti+ a ob\u021binut, de asemenea, locul al doilea la categoria &#8220;anvelope mixte&#8221; a Autobild, care a analizat performan\u021ba anvelopelor atunci c\u00e2nd se utilizeaz\u0103 dou\u0103 dimensiuni diferite &#8211; cu o anvelop\u0103 mai mare pentru puntea spate; un lucru obi\u0219nuit pe vehiculele premium \u0219i de \u00eenalt\u0103 performan\u021b\u0103.<\/p>\n\n\n\n<p>Anvelopele cu dimensiunea 225\/45 R 18 au fost supuse la teste \u00eentr-o varietate de condi\u021bii, inclusiv pe suprafe\u021be umede \u0219i uscate, \u0219i cu o analiz\u0103 detaliat\u0103 a capacit\u0103\u021bilor de fr\u00e2nare, aquaplaning \u0219i rezisten\u021b\u0103 la rulare. Anvelopa Ultrac Vorti+ a dep\u0103\u0219it \u00een mod constant concuren\u021ba \u00een elementele de manevrabilitate pe teren umed ale testelor.<\/p>\n\n\n\n<p><em>AutoBild <\/em>a notat c\u0103 Vredestein Ultrac Vorti+ are un &#8220;profil sportiv de var\u0103 la un nivel echilibrat de \u00eenalt\u0103 performan\u021b\u0103&#8230;&#8221;, precum \u0219i &#8220;o bun\u0103 aderen\u021b\u0103 pe carosabil umed&#8221;.<\/p>\n\n\n\n<p>Daniele Lorenzetti, Chief Technology Officer, a declarat: &#8220;Aceste ultime rezultate ale testelor demonstreaz\u0103 c\u0103 portofoliul nostru \u00een cre\u0219tere de anvelope Vredestein continu\u0103 s\u0103 dep\u0103\u0219easc\u0103 alte produse de pe pia\u021ba european\u0103. Acesta este rezultatul investi\u021biilor masive \u00een cercetare \u0219i dezvoltare pentru a ne asigura c\u0103 produse precum Ultrac Vorti+ \u00ee\u0219i men\u021bin avantajul \u00een materie de performan\u021b\u0103 \u0219i continu\u0103 s\u0103 exceleze \u00een ceea ce prive\u0219te siguran\u021ba.&#8221;<\/p>\n\n\n\n<p>Ultrac Vorti+ face parte din gama de anvelope &#8220;de \u00eenalt\u0103 performan\u021b\u0103&#8221; Vredestein. Clasificat\u0103 (Y) pentru viteze de peste 300 km pe or\u0103, aceast\u0103 anvelop\u0103 este optimizat\u0103 pentru utilizarea pe ma\u0219ini \u0219i SUV-uri premium \u0219i de \u00eenalt\u0103 performan\u021b\u0103. Cu un perete lateral mai rigid (\u00een compara\u021bie cu anvelopa Ultrac) \u0219i cu un compus \u0219i un desen al benzii de rulare special concepute, Vorti+ a fost dezvoltat pentru utilizarea at\u00e2t pe puntea fa\u021b\u0103, c\u00e2t \u0219i pe cea spate &#8211; a\u0219a cum a fost validat de testul <em>AutoBild<\/em> &#8220;anvelope mixte&#8221;.<\/p>\n","protected":false},"featured_media":1466,"template":"","meta":{"_acf_changed":false},"class_list":["post-3300","releasearticles","type-releasearticles","status-publish","has-post-thumbnail","hentry"],"acf":[],"_links":{"self":[{"href":"https:\/\/testpneumatik.eu\/mag\/wp-json\/wp\/v2\/releasearticles\/3300","targetHints":{"allow":["GET"]}}],"collection":[{"href":"https:\/\/testpneumatik.eu\/mag\/wp-json\/wp\/v2\/releasearticles"}],"about":[{"href":"https:\/\/testpneumatik.eu\/mag\/wp-json\/wp\/v2\/types\/releasearticles"}],"wp:featuredmedia":[{"embeddable":true,"href":"https:\/\/testpneumatik.eu\/mag\/wp-json\/wp\/v2\/media\/1466"}],"wp:attachment":[{"href":"https:\/\/testpneumatik.eu\/mag\/wp-json\/wp\/v2\/media?parent=3300"}],"curies":[{"name":"wp","href":"https:\/\/api.w.org\/{rel}","templated":true}]}}